{"id":1410,"date":"2018-06-26T10:37:42","date_gmt":"2018-06-26T14:37:42","guid":{"rendered":"http:\/\/alexandrepoitras.com\/blogue\/?p=1410"},"modified":"2018-06-26T10:37:42","modified_gmt":"2018-06-26T14:37:42","slug":"evenement-corporatif-go-effix-go","status":"publish","type":"post","link":"http:\/\/alexandrepoitras.com\/blogue\/?p=1410","title":{"rendered":"\u00c9v\u00e9nement corporatif &#8211; Go Effix Go"},"content":{"rendered":"<p>Je re\u00e7ois un appel,&nbsp;en mai dernier, pour un coup de main pour shooter un \u00e9v\u00e9nement corporatif d&#8217;environ 450 personnes. Apr\u00e8s avoir re\u00e7u toute l&#8217;information, j&#8217;allais couvrir un \u00e9v\u00e9nement corporatif pour la compagnie Effix,&nbsp; la compagnie des commandites du Canadien de Montr\u00e9al !&nbsp;&nbsp;<\/p>\n<p><img decoding=\"async\" class=\"ngg-singlepic ngg-none\" src=\"http:\/\/alexandrepoitras.com\/blogue\/wp-content\/gallery\/evenements\/178A5689_SIG.jpg\" alt=\"Photo de la glace du Centre Bell du Canadien de Montr\u00e9al am\u00e9nag\u00e9e avec des tables et des \u00e9crans g\u00e9ants de haute qualit\u00e9es.\"><\/p>\n<p>Le pr\u00e9sident de la compagnie Effix, a subit un grave accident de v\u00e9lo, il y a quelques temps de cela, qui, \u00e0 ce moment, l&#8217;a rendu incapable de se d\u00e9placer convenablement. Heureusement, les meilleurs docteurs et sp\u00e9cialistes ont r\u00e9ussi, gr\u00e2ce \u00e0 leur savoir faire, \u00e0 r\u00e9gler ce probl\u00e8me et lentement mais surement, il a pu recommencer \u00e0 marcher. La soir\u00e9e \u00e9tait organis\u00e9e&nbsp;pour collecter des fonds pour le General Hospital de Montr\u00e9al. 475,000$ ont \u00e9t\u00e9 amass\u00e9s durant la soir\u00e9e, wow !<\/p>\n<p><img decoding=\"async\" class=\"ngg-singlepic ngg-none\" src=\"http:\/\/alexandrepoitras.com\/blogue\/wp-content\/gallery\/evenements\/178A6421_SIG.jpg\" alt=\"Le pr\u00e9sident de la compagnie Effix faisant son discours sur la Glace du Centre Bell du Canadien de Montr\u00e9al\"><\/p>\n<p><img decoding=\"async\" class=\"ngg-singlepic ngg-none aligncenter\" src=\"http:\/\/alexandrepoitras.com\/blogue\/wp-content\/gallery\/evenements\/178A6409_SIG.jpg\" alt=\"Le pr\u00e9sident de la compagnie Effix faisant son discours sur la Glace du Centre Bell du Canadien de Montr\u00e9al\"><\/p>\n<p>&nbsp;<\/p>\n<p>Au fil de la soir\u00e9e, j&#8217;ai eu la chance de photographier plusieurs anciens membres des Canadiens de Montr\u00e9al, comme Guy Lafleur, Guy Carbonneau, Michel Th\u00e9rien et plusieurs autres.<\/p>\n<p><img decoding=\"async\" class=\"ngg-singlepic ngg-none\" src=\"http:\/\/alexandrepoitras.com\/blogue\/wp-content\/gallery\/evenements\/178A5779_SIG.jpg\" alt=\"Regroupement des anciens Canadiens de Montr\u00e9al dans un studio de photos am\u00e9nag\u00e9 pour prendre les invit\u00e9s en photo\"><\/p>\n<p>J&#8217;ai \u00e9galement eu la chance de rencontrer le fameux Ron Fournier et Rodger Brulotte qui sont toujours fort sympathiques ! Mario Pelchat est m\u00eame venu faire une apparition pour chanter quelques chansons pour l&#8217;occasion pendant lesquelles j&#8217;ai prit quelques photos de sa performance.<\/p>\n<p><img decoding=\"async\" class=\"ngg-singlepic ngg-none\" src=\"http:\/\/alexandrepoitras.com\/blogue\/wp-content\/gallery\/evenements\/178A6292_SIG.jpg\" alt=\"Le chanteur Mario Pelchat durant l'ex\u00e9cution de son spectacle\"><\/p>\n<p>L&#8217;\u00e9v\u00e9nement \u00e9tait tr\u00e8s bien organis\u00e9e, les invit\u00e9s ont appr\u00e9ci\u00e9 et les desserts semblaient vraiment bons ! \ud83d\ude1b&nbsp;J&#8217;ai bien h\u00e2te de pouvoir couvrir encore ce genre d&#8217;\u00e9v\u00e9nements corporatifs.&nbsp;<\/p>\n<p><img decoding=\"async\" class=\"ngg-singlepic ngg-none\" src=\"http:\/\/alexandrepoitras.com\/blogue\/wp-content\/gallery\/evenements\/178A6532_SIG.jpg\" alt=\"Copieux bar \u00e0 dessert pour les invit\u00e9s\"><\/p>\n<p><a href=\"http:\/\/alexandrepoitras.com\/blogue\/?page_id=694\" target=\"_blank\" rel=\"noopener noreferrer\">Si vous avez besoin de couvrir un \u00e9v\u00e9nement corporatif, prenez contact avec moi<\/a> et il me fera plaisir de vous rappeler et discuter avec vous, de vos besoins pour cet \u00e9v\u00e9nement.<\/p>\n<p>Au plaisir ! \ud83d\ude09<\/p>\n","protected":false},"excerpt":{"rendered":"<p>Je re\u00e7ois un appel,&nbsp;en mai dernier, pour un coup de main pour shooter un \u00e9v\u00e9nement corporatif d&#8217;environ 450 personnes. Apr\u00e8s avoir re\u00e7u toute l&#8217;information, j&#8217;allais couvrir un \u00e9v\u00e9nement corporatif pour la compagnie Effix,&nbsp; la compagnie des commandites du Canadien de Montr\u00e9al !&nbsp;&nbsp; Le pr\u00e9sident de la compagnie Effix, a subit un grave accident de v\u00e9lo, [&hellip;]<\/p>\n","protected":false},"author":1,"featured_media":1566,"comment_status":"open","ping_status":"open","sticky":false,"template":"","format":"standard","meta":{"_monsterinsights_skip_tracking":false,"_monsterinsights_sitenote_active":false,"_monsterinsights_sitenote_note":"","_monsterinsights_sitenote_category":0,"ngg_post_thumbnail":0,"footnotes":""},"categories":[1],"tags":[],"yoast_head":"<!-- This site is optimized with the Yoast SEO plugin v24.3 - https:\/\/yoast.com\/wordpress\/plugins\/seo\/ -->\n<title>\u00c9v\u00e9nement corporatif - Go Effix Go - Alexandre Poitras - Photographe<\/title>\n<meta name=\"robots\" content=\"index, follow, max-snippet:-1, max-image-preview:large, max-video-preview:-1\" \/>\n<link rel=\"canonical\" href=\"http:\/\/alexandrepoitras.com\/blogue\/?p=1410\" \/>\n<meta property=\"og:locale\" content=\"en_US\" \/>\n<meta property=\"og:type\" content=\"article\" \/>\n<meta property=\"og:title\" content=\"\u00c9v\u00e9nement corporatif - Go Effix Go - Alexandre Poitras - Photographe\" \/>\n<meta property=\"og:description\" content=\"Je re\u00e7ois un appel,&nbsp;en mai dernier, pour un coup de main pour shooter un \u00e9v\u00e9nement corporatif d&#8217;environ 450 personnes. Apr\u00e8s avoir re\u00e7u toute l&#8217;information, j&#8217;allais couvrir un \u00e9v\u00e9nement corporatif pour la compagnie Effix,&nbsp; la compagnie des commandites du Canadien de Montr\u00e9al !&nbsp;&nbsp; Le pr\u00e9sident de la compagnie Effix, a subit un grave accident de v\u00e9lo, [&hellip;]\" \/>\n<meta property=\"og:url\" content=\"http:\/\/alexandrepoitras.com\/blogue\/?p=1410\" \/>\n<meta property=\"og:site_name\" content=\"Alexandre Poitras - Photographe\" \/>\n<meta property=\"article:publisher\" content=\"https:\/\/facebook.com\/Alexandre.Poitras.Photographe\" \/>\n<meta property=\"article:published_time\" content=\"2018-06-26T14:37:42+00:00\" \/>\n<meta property=\"og:image\" content=\"http:\/\/alexandrepoitras.com\/blogue\/wp-content\/uploads\/ngg_featured\/178A5689_SIG.jpg\" \/>\n\t<meta property=\"og:image:width\" content=\"1000\" \/>\n\t<meta property=\"og:image:height\" content=\"667\" \/>\n\t<meta property=\"og:image:type\" content=\"image\/jpeg\" \/>\n<meta name=\"author\" content=\"AlexandrePoitras\" \/>\n<meta name=\"twitter:card\" content=\"summary_large_image\" \/>\n<meta name=\"twitter:creator\" content=\"@AlexPoitras\" \/>\n<meta name=\"twitter:site\" content=\"@AlexPoitras\" \/>\n<meta name=\"twitter:label1\" content=\"Written by\" \/>\n\t<meta name=\"twitter:data1\" content=\"AlexandrePoitras\" \/>\n\t<meta name=\"twitter:label2\" content=\"Est. reading time\" \/>\n\t<meta name=\"twitter:data2\" content=\"1 minute\" \/>\n<script type=\"application\/ld+json\" class=\"yoast-schema-graph\">{\"@context\":\"https:\/\/schema.org\",\"@graph\":[{\"@type\":\"Article\",\"@id\":\"http:\/\/alexandrepoitras.com\/blogue\/?p=1410#article\",\"isPartOf\":{\"@id\":\"http:\/\/alexandrepoitras.com\/blogue\/?p=1410\"},\"author\":{\"name\":\"AlexandrePoitras\",\"@id\":\"http:\/\/alexandrepoitras.com\/blogue\/#\/schema\/person\/67a17133d9d49593ce568c84ac5691d8\"},\"headline\":\"\u00c9v\u00e9nement corporatif &#8211; Go Effix Go\",\"datePublished\":\"2018-06-26T14:37:42+00:00\",\"dateModified\":\"2018-06-26T14:37:42+00:00\",\"mainEntityOfPage\":{\"@id\":\"http:\/\/alexandrepoitras.com\/blogue\/?p=1410\"},\"wordCount\":295,\"commentCount\":0,\"publisher\":{\"@id\":\"http:\/\/alexandrepoitras.com\/blogue\/#organization\"},\"image\":{\"@id\":\"http:\/\/alexandrepoitras.com\/blogue\/?p=1410#primaryimage\"},\"thumbnailUrl\":\"http:\/\/alexandrepoitras.com\/blogue\/wp-content\/uploads\/ngg_featured\/178A5689_SIG.jpg\",\"articleSection\":[\"G\u00e9n\u00e9ral\"],\"inLanguage\":\"en-US\",\"potentialAction\":[{\"@type\":\"CommentAction\",\"name\":\"Comment\",\"target\":[\"http:\/\/alexandrepoitras.com\/blogue\/?p=1410#respond\"]}]},{\"@type\":\"WebPage\",\"@id\":\"http:\/\/alexandrepoitras.com\/blogue\/?p=1410\",\"url\":\"http:\/\/alexandrepoitras.com\/blogue\/?p=1410\",\"name\":\"\u00c9v\u00e9nement corporatif - Go Effix Go - Alexandre Poitras - Photographe\",\"isPartOf\":{\"@id\":\"http:\/\/alexandrepoitras.com\/blogue\/#website\"},\"primaryImageOfPage\":{\"@id\":\"http:\/\/alexandrepoitras.com\/blogue\/?p=1410#primaryimage\"},\"image\":{\"@id\":\"http:\/\/alexandrepoitras.com\/blogue\/?p=1410#primaryimage\"},\"thumbnailUrl\":\"http:\/\/alexandrepoitras.com\/blogue\/wp-content\/uploads\/ngg_featured\/178A5689_SIG.jpg\",\"datePublished\":\"2018-06-26T14:37:42+00:00\",\"dateModified\":\"2018-06-26T14:37:42+00:00\",\"breadcrumb\":{\"@id\":\"http:\/\/alexandrepoitras.com\/blogue\/?p=1410#breadcrumb\"},\"inLanguage\":\"en-US\",\"potentialAction\":[{\"@type\":\"ReadAction\",\"target\":[\"http:\/\/alexandrepoitras.com\/blogue\/?p=1410\"]}]},{\"@type\":\"ImageObject\",\"inLanguage\":\"en-US\",\"@id\":\"http:\/\/alexandrepoitras.com\/blogue\/?p=1410#primaryimage\",\"url\":\"http:\/\/alexandrepoitras.com\/blogue\/wp-content\/uploads\/ngg_featured\/178A5689_SIG.jpg\",\"contentUrl\":\"http:\/\/alexandrepoitras.com\/blogue\/wp-content\/uploads\/ngg_featured\/178A5689_SIG.jpg\",\"width\":1000,\"height\":667},{\"@type\":\"BreadcrumbList\",\"@id\":\"http:\/\/alexandrepoitras.com\/blogue\/?p=1410#breadcrumb\",\"itemListElement\":[{\"@type\":\"ListItem\",\"position\":1,\"name\":\"Home\",\"item\":\"http:\/\/alexandrepoitras.com\/blogue\/\"},{\"@type\":\"ListItem\",\"position\":2,\"name\":\"\u00c9v\u00e9nement corporatif &#8211; Go Effix Go\"}]},{\"@type\":\"WebSite\",\"@id\":\"http:\/\/alexandrepoitras.com\/blogue\/#website\",\"url\":\"http:\/\/alexandrepoitras.com\/blogue\/\",\"name\":\"Alexandre Poitras - Photographe\",\"description\":\"Photographe Sportif, corporatif, de mariage et de studio\",\"publisher\":{\"@id\":\"http:\/\/alexandrepoitras.com\/blogue\/#organization\"},\"potentialAction\":[{\"@type\":\"SearchAction\",\"target\":{\"@type\":\"EntryPoint\",\"urlTemplate\":\"http:\/\/alexandrepoitras.com\/blogue\/?s={search_term_string}\"},\"query-input\":{\"@type\":\"PropertyValueSpecification\",\"valueRequired\":true,\"valueName\":\"search_term_string\"}}],\"inLanguage\":\"en-US\"},{\"@type\":\"Organization\",\"@id\":\"http:\/\/alexandrepoitras.com\/blogue\/#organization\",\"name\":\"Alexandre Poitras - Photographe\",\"url\":\"http:\/\/alexandrepoitras.com\/blogue\/\",\"logo\":{\"@type\":\"ImageObject\",\"inLanguage\":\"en-US\",\"@id\":\"http:\/\/alexandrepoitras.com\/blogue\/#\/schema\/logo\/image\/\",\"url\":\"http:\/\/alexandrepoitras.com\/blogue\/wp-content\/uploads\/2011\/10\/Alexandre-Poitras-Photographe.png\",\"contentUrl\":\"http:\/\/alexandrepoitras.com\/blogue\/wp-content\/uploads\/2011\/10\/Alexandre-Poitras-Photographe.png\",\"width\":\"500\",\"height\":\"286\",\"caption\":\"Alexandre Poitras - Photographe\"},\"image\":{\"@id\":\"http:\/\/alexandrepoitras.com\/blogue\/#\/schema\/logo\/image\/\"},\"sameAs\":[\"https:\/\/facebook.com\/Alexandre.Poitras.Photographe\",\"https:\/\/x.com\/AlexPoitras\",\"http:\/\/instagram.com\/alexpoitras\"]},{\"@type\":\"Person\",\"@id\":\"http:\/\/alexandrepoitras.com\/blogue\/#\/schema\/person\/67a17133d9d49593ce568c84ac5691d8\",\"name\":\"AlexandrePoitras\",\"image\":{\"@type\":\"ImageObject\",\"inLanguage\":\"en-US\",\"@id\":\"http:\/\/alexandrepoitras.com\/blogue\/#\/schema\/person\/image\/\",\"url\":\"http:\/\/0.gravatar.com\/avatar\/fb1558d6f592eb7d70324074e162f9a0?s=96&d=mm&r=g\",\"contentUrl\":\"http:\/\/0.gravatar.com\/avatar\/fb1558d6f592eb7d70324074e162f9a0?s=96&d=mm&r=g\",\"caption\":\"AlexandrePoitras\"},\"description\":\"Mon nom est Alexandre Poitras, je suis dans le domaine de la photographie, du web et parcours les nouveaut\u00e9s de ce grand r\u00e9seau qu'est l'Internet, chaque jour. Le Web 2.0 est bien pr\u00e9sent et implant\u00e9, ma contribution, par ce blogue, lui permet de poursuivre sa lanc\u00e9e. \u00c9tant photographe par la m\u00eame occasion tout se relis et me permet d'exposer et de partager mes photos au monde entier !\",\"sameAs\":[\"http:\/\/alexandrepoitras.com\/\"]}]}<\/script>\n<!-- \/ Yoast SEO plugin. -->","yoast_head_json":{"title":"\u00c9v\u00e9nement corporatif - Go Effix Go - Alexandre Poitras - Photographe","robots":{"index":"index","follow":"follow","max-snippet":"max-snippet:-1","max-image-preview":"max-image-preview:large","max-video-preview":"max-video-preview:-1"},"canonical":"http:\/\/alexandrepoitras.com\/blogue\/?p=1410","og_locale":"en_US","og_type":"article","og_title":"\u00c9v\u00e9nement corporatif - Go Effix Go - Alexandre Poitras - Photographe","og_description":"Je re\u00e7ois un appel,&nbsp;en mai dernier, pour un coup de main pour shooter un \u00e9v\u00e9nement corporatif d&#8217;environ 450 personnes. Apr\u00e8s avoir re\u00e7u toute l&#8217;information, j&#8217;allais couvrir un \u00e9v\u00e9nement corporatif pour la compagnie Effix,&nbsp; la compagnie des commandites du Canadien de Montr\u00e9al !&nbsp;&nbsp; Le pr\u00e9sident de la compagnie Effix, a subit un grave accident de v\u00e9lo, [&hellip;]","og_url":"http:\/\/alexandrepoitras.com\/blogue\/?p=1410","og_site_name":"Alexandre Poitras - Photographe","article_publisher":"https:\/\/facebook.com\/Alexandre.Poitras.Photographe","article_published_time":"2018-06-26T14:37:42+00:00","og_image":[{"width":1000,"height":667,"url":"http:\/\/alexandrepoitras.com\/blogue\/wp-content\/uploads\/ngg_featured\/178A5689_SIG.jpg","type":"image\/jpeg"}],"author":"AlexandrePoitras","twitter_card":"summary_large_image","twitter_creator":"@AlexPoitras","twitter_site":"@AlexPoitras","twitter_misc":{"Written by":"AlexandrePoitras","Est. reading time":"1 minute"},"schema":{"@context":"https:\/\/schema.org","@graph":[{"@type":"Article","@id":"http:\/\/alexandrepoitras.com\/blogue\/?p=1410#article","isPartOf":{"@id":"http:\/\/alexandrepoitras.com\/blogue\/?p=1410"},"author":{"name":"AlexandrePoitras","@id":"http:\/\/alexandrepoitras.com\/blogue\/#\/schema\/person\/67a17133d9d49593ce568c84ac5691d8"},"headline":"\u00c9v\u00e9nement corporatif &#8211; Go Effix Go","datePublished":"2018-06-26T14:37:42+00:00","dateModified":"2018-06-26T14:37:42+00:00","mainEntityOfPage":{"@id":"http:\/\/alexandrepoitras.com\/blogue\/?p=1410"},"wordCount":295,"commentCount":0,"publisher":{"@id":"http:\/\/alexandrepoitras.com\/blogue\/#organization"},"image":{"@id":"http:\/\/alexandrepoitras.com\/blogue\/?p=1410#primaryimage"},"thumbnailUrl":"http:\/\/alexandrepoitras.com\/blogue\/wp-content\/uploads\/ngg_featured\/178A5689_SIG.jpg","articleSection":["G\u00e9n\u00e9ral"],"inLanguage":"en-US","potentialAction":[{"@type":"CommentAction","name":"Comment","target":["http:\/\/alexandrepoitras.com\/blogue\/?p=1410#respond"]}]},{"@type":"WebPage","@id":"http:\/\/alexandrepoitras.com\/blogue\/?p=1410","url":"http:\/\/alexandrepoitras.com\/blogue\/?p=1410","name":"\u00c9v\u00e9nement corporatif - Go Effix Go - Alexandre Poitras - Photographe","isPartOf":{"@id":"http:\/\/alexandrepoitras.com\/blogue\/#website"},"primaryImageOfPage":{"@id":"http:\/\/alexandrepoitras.com\/blogue\/?p=1410#primaryimage"},"image":{"@id":"http:\/\/alexandrepoitras.com\/blogue\/?p=1410#primaryimage"},"thumbnailUrl":"http:\/\/alexandrepoitras.com\/blogue\/wp-content\/uploads\/ngg_featured\/178A5689_SIG.jpg","datePublished":"2018-06-26T14:37:42+00:00","dateModified":"2018-06-26T14:37:42+00:00","breadcrumb":{"@id":"http:\/\/alexandrepoitras.com\/blogue\/?p=1410#breadcrumb"},"inLanguage":"en-US","potentialAction":[{"@type":"ReadAction","target":["http:\/\/alexandrepoitras.com\/blogue\/?p=1410"]}]},{"@type":"ImageObject","inLanguage":"en-US","@id":"http:\/\/alexandrepoitras.com\/blogue\/?p=1410#primaryimage","url":"http:\/\/alexandrepoitras.com\/blogue\/wp-content\/uploads\/ngg_featured\/178A5689_SIG.jpg","contentUrl":"http:\/\/alexandrepoitras.com\/blogue\/wp-content\/uploads\/ngg_featured\/178A5689_SIG.jpg","width":1000,"height":667},{"@type":"BreadcrumbList","@id":"http:\/\/alexandrepoitras.com\/blogue\/?p=1410#breadcrumb","itemListElement":[{"@type":"ListItem","position":1,"name":"Home","item":"http:\/\/alexandrepoitras.com\/blogue\/"},{"@type":"ListItem","position":2,"name":"\u00c9v\u00e9nement corporatif &#8211; Go Effix Go"}]},{"@type":"WebSite","@id":"http:\/\/alexandrepoitras.com\/blogue\/#website","url":"http:\/\/alexandrepoitras.com\/blogue\/","name":"Alexandre Poitras - Photographe","description":"Photographe Sportif, corporatif, de mariage et de studio","publisher":{"@id":"http:\/\/alexandrepoitras.com\/blogue\/#organization"},"potentialAction":[{"@type":"SearchAction","target":{"@type":"EntryPoint","urlTemplate":"http:\/\/alexandrepoitras.com\/blogue\/?s={search_term_string}"},"query-input":{"@type":"PropertyValueSpecification","valueRequired":true,"valueName":"search_term_string"}}],"inLanguage":"en-US"},{"@type":"Organization","@id":"http:\/\/alexandrepoitras.com\/blogue\/#organization","name":"Alexandre Poitras - Photographe","url":"http:\/\/alexandrepoitras.com\/blogue\/","logo":{"@type":"ImageObject","inLanguage":"en-US","@id":"http:\/\/alexandrepoitras.com\/blogue\/#\/schema\/logo\/image\/","url":"http:\/\/alexandrepoitras.com\/blogue\/wp-content\/uploads\/2011\/10\/Alexandre-Poitras-Photographe.png","contentUrl":"http:\/\/alexandrepoitras.com\/blogue\/wp-content\/uploads\/2011\/10\/Alexandre-Poitras-Photographe.png","width":"500","height":"286","caption":"Alexandre Poitras - Photographe"},"image":{"@id":"http:\/\/alexandrepoitras.com\/blogue\/#\/schema\/logo\/image\/"},"sameAs":["https:\/\/facebook.com\/Alexandre.Poitras.Photographe","https:\/\/x.com\/AlexPoitras","http:\/\/instagram.com\/alexpoitras"]},{"@type":"Person","@id":"http:\/\/alexandrepoitras.com\/blogue\/#\/schema\/person\/67a17133d9d49593ce568c84ac5691d8","name":"AlexandrePoitras","image":{"@type":"ImageObject","inLanguage":"en-US","@id":"http:\/\/alexandrepoitras.com\/blogue\/#\/schema\/person\/image\/","url":"http:\/\/0.gravatar.com\/avatar\/fb1558d6f592eb7d70324074e162f9a0?s=96&d=mm&r=g","contentUrl":"http:\/\/0.gravatar.com\/avatar\/fb1558d6f592eb7d70324074e162f9a0?s=96&d=mm&r=g","caption":"AlexandrePoitras"},"description":"Mon nom est Alexandre Poitras, je suis dans le domaine de la photographie, du web et parcours les nouveaut\u00e9s de ce grand r\u00e9seau qu'est l'Internet, chaque jour. Le Web 2.0 est bien pr\u00e9sent et implant\u00e9, ma contribution, par ce blogue, lui permet de poursuivre sa lanc\u00e9e. \u00c9tant photographe par la m\u00eame occasion tout se relis et me permet d'exposer et de partager mes photos au monde entier !","sameAs":["http:\/\/alexandrepoitras.com\/"]}]}},"_links":{"self":[{"href":"http:\/\/alexandrepoitras.com\/blogue\/index.php?rest_route=\/wp\/v2\/posts\/1410"}],"collection":[{"href":"http:\/\/alexandrepoitras.com\/blogue\/index.php?rest_route=\/wp\/v2\/posts"}],"about":[{"href":"http:\/\/alexandrepoitras.com\/blogue\/index.php?rest_route=\/wp\/v2\/types\/post"}],"author":[{"embeddable":true,"href":"http:\/\/alexandrepoitras.com\/blogue\/index.php?rest_route=\/wp\/v2\/users\/1"}],"replies":[{"embeddable":true,"href":"http:\/\/alexandrepoitras.com\/blogue\/index.php?rest_route=%2Fwp%2Fv2%2Fcomments&post=1410"}],"version-history":[{"count":8,"href":"http:\/\/alexandrepoitras.com\/blogue\/index.php?rest_route=\/wp\/v2\/posts\/1410\/revisions"}],"predecessor-version":[{"id":1567,"href":"http:\/\/alexandrepoitras.com\/blogue\/index.php?rest_route=\/wp\/v2\/posts\/1410\/revisions\/1567"}],"wp:featuredmedia":[{"embeddable":true,"href":"http:\/\/alexandrepoitras.com\/blogue\/index.php?rest_route=\/wp\/v2\/media\/1566"}],"wp:attachment":[{"href":"http:\/\/alexandrepoitras.com\/blogue\/index.php?rest_route=%2Fwp%2Fv2%2Fmedia&parent=1410"}],"wp:term":[{"taxonomy":"category","embeddable":true,"href":"http:\/\/alexandrepoitras.com\/blogue\/index.php?rest_route=%2Fwp%2Fv2%2Fcategories&post=1410"},{"taxonomy":"post_tag","embeddable":true,"href":"http:\/\/alexandrepoitras.com\/blogue\/index.php?rest_route=%2Fwp%2Fv2%2Ftags&post=1410"}],"curies":[{"name":"wp","href":"https:\/\/api.w.org\/{rel}","templated":true}]}}