{"id":560,"date":"2012-07-08T19:53:35","date_gmt":"2012-07-09T00:53:35","guid":{"rendered":"http:\/\/alexandrepoitras.com\/blogue\/?p=560"},"modified":"2012-07-08T19:53:35","modified_gmt":"2012-07-09T00:53:35","slug":"supermoto-x-fest-2012-a-mecaglisse","status":"publish","type":"post","link":"http:\/\/alexandrepoitras.com\/blogue\/?p=560","title":{"rendered":"Supermoto X-Fest 2012 \u00e0 Mecaglisse!"},"content":{"rendered":"<p>La tradition se poursuit \u00e0 <a title=\"Mecaglisse Qu\u00e9bec\" href=\"http:\/\/www.mecaglisse.com\" target=\"_blank\">Mecaglisse<\/a> durant le week-end prochain, le <strong>13, 14 et 15 juillet 2012<\/strong>, le <strong>Supermoto X-Fest 2012<\/strong> prendra place \u00e0 Notre-Dame de la Merci pr\u00e8s de St-Donat !<\/p>\n<p>Des pilotes venant de diff\u00e9rents coins de l&#8217;Am\u00e9rique du Nord se donnent rendez-vous dans un week-end de course intense et des plus spectaculaire ! Vitesse, d\u00e9passements, sauts, terre, asphalte, et glisses feront parti du vocabulaire de nos commentateurs durant l&#8217;\u00e9v\u00e8nement ! Les meilleurs pilotes de Supermotards et de superquads (VTT) seront de la partie pour remporter le prestigieux prix de la comp\u00e9tition ! <\/p>\n<p>Ne manquez pas la comp\u00e9tition de <strong>glisse<\/strong> qui aura lieu devant les spectateurs o\u00f9 les pilotes tenterons de remporter le prix de la plus belle glisse! Le gagnant sera d\u00e9termin\u00e9 gr\u00e2ce aux cris et acclammations des spectateurs ! La balle est dans votre camp !<\/p>\n<p>Comme \u00e0 mon habitude depuis les 5 derni\u00e8res ann\u00e9es, <strong>je serai le photographe officiel de l&#8217;\u00e9v\u00e9nement<\/strong> pour couvrir les pilotes durant leur courses. J&#8217;immortaliserai leur plus belles prouesses et leur meilleurs moments sur la piste, en <strong>photos<\/strong> !<\/p>\n<p>C&#8217;est un rendez-vous \u00e0 Mecaglisse pour le <strong>Supermoto X-Fest 2012<\/strong> !<br \/>\nOn vous y attends en grand nombre pour venir encourager tous ces pilotes !<\/p>\n<p><img loading=\"lazy\" decoding=\"async\" alt=\"Supermoto X-Fest - Maxime Sylvestre\" src=\"http:\/\/alexandrepoitras.com\/files\/mecaglisse\/XFEST2011\/77_MaximeSylvestre_1.jpg\" title=\"Supermoto X-Fest - Maxime Sylvestre\" class=\"alignnone\" width=\"397\" height=\"600\" \/><\/p>\n<p><img loading=\"lazy\" decoding=\"async\" alt=\"Supermoto X-Fest\" src=\"http:\/\/alexandrepoitras.com\/files\/mecaglisse\/XFEST2011\/36_GeorgeB.jpg\" title=\"Supermoto X-Fest\" class=\"alignnone\" width=\"800\" height=\"533\" \/><\/p>\n<p><img loading=\"lazy\" decoding=\"async\" alt=\"Supermoto X-Fest - Superquads\" src=\"http:\/\/alexandrepoitras.com\/files\/mecaglisse\/XFEST2011\/911_Dany_1.jpg\" title=\"Supermoto X-Fest - Superquads\" class=\"alignnone\" width=\"800\" height=\"533\" \/><\/p>\n","protected":false},"excerpt":{"rendered":"<p>La tradition se poursuit \u00e0 Mecaglisse durant le week-end prochain, le 13, 14 et 15 juillet 2012, le Supermoto X-Fest 2012 prendra place \u00e0 Notre-Dame de la Merci pr\u00e8s de St-Donat ! Des pilotes venant de diff\u00e9rents coins de l&#8217;Am\u00e9rique du Nord se donnent rendez-vous dans un week-end de course intense et des plus spectaculaire [&hellip;]<\/p>\n","protected":false},"author":1,"featured_media":0,"comment_status":"open","ping_status":"open","sticky":false,"template":"","format":"standard","meta":{"_monsterinsights_skip_tracking":false,"_monsterinsights_sitenote_active":false,"_monsterinsights_sitenote_note":"","_monsterinsights_sitenote_category":0,"ngg_post_thumbnail":0,"footnotes":""},"categories":[5],"tags":[27,68,66,38,130,19,65,35,74,92,36],"yoast_head":"<!-- This site is optimized with the Yoast SEO plugin v24.3 - https:\/\/yoast.com\/wordpress\/plugins\/seo\/ -->\n<title>Supermoto X-Fest 2012 \u00e0 Mecaglisse! - Alexandre Poitras - Photographe<\/title>\n<meta name=\"robots\" content=\"index, follow, max-snippet:-1, max-image-preview:large, max-video-preview:-1\" \/>\n<link rel=\"canonical\" href=\"http:\/\/alexandrepoitras.com\/blogue\/?p=560\" \/>\n<meta property=\"og:locale\" content=\"en_US\" \/>\n<meta property=\"og:type\" content=\"article\" \/>\n<meta property=\"og:title\" content=\"Supermoto X-Fest 2012 \u00e0 Mecaglisse! - Alexandre Poitras - Photographe\" \/>\n<meta property=\"og:description\" content=\"La tradition se poursuit \u00e0 Mecaglisse durant le week-end prochain, le 13, 14 et 15 juillet 2012, le Supermoto X-Fest 2012 prendra place \u00e0 Notre-Dame de la Merci pr\u00e8s de St-Donat ! Des pilotes venant de diff\u00e9rents coins de l&#8217;Am\u00e9rique du Nord se donnent rendez-vous dans un week-end de course intense et des plus spectaculaire [&hellip;]\" \/>\n<meta property=\"og:url\" content=\"http:\/\/alexandrepoitras.com\/blogue\/?p=560\" \/>\n<meta property=\"og:site_name\" content=\"Alexandre Poitras - Photographe\" \/>\n<meta property=\"article:publisher\" content=\"https:\/\/facebook.com\/Alexandre.Poitras.Photographe\" \/>\n<meta property=\"article:published_time\" content=\"2012-07-09T00:53:35+00:00\" \/>\n<meta property=\"og:image\" content=\"http:\/\/alexandrepoitras.com\/files\/mecaglisse\/XFEST2011\/77_MaximeSylvestre_1.jpg\" \/>\n<meta name=\"author\" content=\"AlexandrePoitras\" \/>\n<meta name=\"twitter:card\" content=\"summary_large_image\" \/>\n<meta name=\"twitter:creator\" content=\"@AlexPoitras\" \/>\n<meta name=\"twitter:site\" content=\"@AlexPoitras\" \/>\n<meta name=\"twitter:label1\" content=\"Written by\" \/>\n\t<meta name=\"twitter:data1\" content=\"AlexandrePoitras\" \/>\n\t<meta name=\"twitter:label2\" content=\"Est. reading time\" \/>\n\t<meta name=\"twitter:data2\" content=\"1 minute\" \/>\n<script type=\"application\/ld+json\" class=\"yoast-schema-graph\">{\"@context\":\"https:\/\/schema.org\",\"@graph\":[{\"@type\":\"Article\",\"@id\":\"http:\/\/alexandrepoitras.com\/blogue\/?p=560#article\",\"isPartOf\":{\"@id\":\"http:\/\/alexandrepoitras.com\/blogue\/?p=560\"},\"author\":{\"name\":\"AlexandrePoitras\",\"@id\":\"http:\/\/alexandrepoitras.com\/blogue\/#\/schema\/person\/67a17133d9d49593ce568c84ac5691d8\"},\"headline\":\"Supermoto X-Fest 2012 \u00e0 Mecaglisse!\",\"datePublished\":\"2012-07-09T00:53:35+00:00\",\"dateModified\":\"2012-07-09T00:53:35+00:00\",\"mainEntityOfPage\":{\"@id\":\"http:\/\/alexandrepoitras.com\/blogue\/?p=560\"},\"wordCount\":200,\"commentCount\":0,\"publisher\":{\"@id\":\"http:\/\/alexandrepoitras.com\/blogue\/#organization\"},\"image\":{\"@id\":\"http:\/\/alexandrepoitras.com\/blogue\/?p=560#primaryimage\"},\"thumbnailUrl\":\"http:\/\/alexandrepoitras.com\/files\/mecaglisse\/XFEST2011\/77_MaximeSylvestre_1.jpg\",\"keywords\":[\"Alexandre Poitras\",\"course\",\"glisse\",\"mecaglisse\",\"Photographie\",\"photos\",\"supermotards\",\"Supermoto\",\"vtt\",\"X-Fest\",\"XFest\"],\"articleSection\":[\"Photographie\"],\"inLanguage\":\"en-US\",\"potentialAction\":[{\"@type\":\"CommentAction\",\"name\":\"Comment\",\"target\":[\"http:\/\/alexandrepoitras.com\/blogue\/?p=560#respond\"]}]},{\"@type\":\"WebPage\",\"@id\":\"http:\/\/alexandrepoitras.com\/blogue\/?p=560\",\"url\":\"http:\/\/alexandrepoitras.com\/blogue\/?p=560\",\"name\":\"Supermoto X-Fest 2012 \u00e0 Mecaglisse! - Alexandre Poitras - Photographe\",\"isPartOf\":{\"@id\":\"http:\/\/alexandrepoitras.com\/blogue\/#website\"},\"primaryImageOfPage\":{\"@id\":\"http:\/\/alexandrepoitras.com\/blogue\/?p=560#primaryimage\"},\"image\":{\"@id\":\"http:\/\/alexandrepoitras.com\/blogue\/?p=560#primaryimage\"},\"thumbnailUrl\":\"http:\/\/alexandrepoitras.com\/files\/mecaglisse\/XFEST2011\/77_MaximeSylvestre_1.jpg\",\"datePublished\":\"2012-07-09T00:53:35+00:00\",\"dateModified\":\"2012-07-09T00:53:35+00:00\",\"breadcrumb\":{\"@id\":\"http:\/\/alexandrepoitras.com\/blogue\/?p=560#breadcrumb\"},\"inLanguage\":\"en-US\",\"potentialAction\":[{\"@type\":\"ReadAction\",\"target\":[\"http:\/\/alexandrepoitras.com\/blogue\/?p=560\"]}]},{\"@type\":\"ImageObject\",\"inLanguage\":\"en-US\",\"@id\":\"http:\/\/alexandrepoitras.com\/blogue\/?p=560#primaryimage\",\"url\":\"http:\/\/alexandrepoitras.com\/files\/mecaglisse\/XFEST2011\/77_MaximeSylvestre_1.jpg\",\"contentUrl\":\"http:\/\/alexandrepoitras.com\/files\/mecaglisse\/XFEST2011\/77_MaximeSylvestre_1.jpg\"},{\"@type\":\"BreadcrumbList\",\"@id\":\"http:\/\/alexandrepoitras.com\/blogue\/?p=560#breadcrumb\",\"itemListElement\":[{\"@type\":\"ListItem\",\"position\":1,\"name\":\"Home\",\"item\":\"http:\/\/alexandrepoitras.com\/blogue\/\"},{\"@type\":\"ListItem\",\"position\":2,\"name\":\"Supermoto X-Fest 2012 \u00e0 Mecaglisse!\"}]},{\"@type\":\"WebSite\",\"@id\":\"http:\/\/alexandrepoitras.com\/blogue\/#website\",\"url\":\"http:\/\/alexandrepoitras.com\/blogue\/\",\"name\":\"Alexandre Poitras - Photographe\",\"description\":\"Photographe Sportif, corporatif, de mariage et de studio\",\"publisher\":{\"@id\":\"http:\/\/alexandrepoitras.com\/blogue\/#organization\"},\"potentialAction\":[{\"@type\":\"SearchAction\",\"target\":{\"@type\":\"EntryPoint\",\"urlTemplate\":\"http:\/\/alexandrepoitras.com\/blogue\/?s={search_term_string}\"},\"query-input\":{\"@type\":\"PropertyValueSpecification\",\"valueRequired\":true,\"valueName\":\"search_term_string\"}}],\"inLanguage\":\"en-US\"},{\"@type\":\"Organization\",\"@id\":\"http:\/\/alexandrepoitras.com\/blogue\/#organization\",\"name\":\"Alexandre Poitras - Photographe\",\"url\":\"http:\/\/alexandrepoitras.com\/blogue\/\",\"logo\":{\"@type\":\"ImageObject\",\"inLanguage\":\"en-US\",\"@id\":\"http:\/\/alexandrepoitras.com\/blogue\/#\/schema\/logo\/image\/\",\"url\":\"http:\/\/alexandrepoitras.com\/blogue\/wp-content\/uploads\/2011\/10\/Alexandre-Poitras-Photographe.png\",\"contentUrl\":\"http:\/\/alexandrepoitras.com\/blogue\/wp-content\/uploads\/2011\/10\/Alexandre-Poitras-Photographe.png\",\"width\":\"500\",\"height\":\"286\",\"caption\":\"Alexandre Poitras - Photographe\"},\"image\":{\"@id\":\"http:\/\/alexandrepoitras.com\/blogue\/#\/schema\/logo\/image\/\"},\"sameAs\":[\"https:\/\/facebook.com\/Alexandre.Poitras.Photographe\",\"https:\/\/x.com\/AlexPoitras\",\"http:\/\/instagram.com\/alexpoitras\"]},{\"@type\":\"Person\",\"@id\":\"http:\/\/alexandrepoitras.com\/blogue\/#\/schema\/person\/67a17133d9d49593ce568c84ac5691d8\",\"name\":\"AlexandrePoitras\",\"image\":{\"@type\":\"ImageObject\",\"inLanguage\":\"en-US\",\"@id\":\"http:\/\/alexandrepoitras.com\/blogue\/#\/schema\/person\/image\/\",\"url\":\"http:\/\/0.gravatar.com\/avatar\/fb1558d6f592eb7d70324074e162f9a0?s=96&d=mm&r=g\",\"contentUrl\":\"http:\/\/0.gravatar.com\/avatar\/fb1558d6f592eb7d70324074e162f9a0?s=96&d=mm&r=g\",\"caption\":\"AlexandrePoitras\"},\"description\":\"Mon nom est Alexandre Poitras, je suis dans le domaine de la photographie, du web et parcours les nouveaut\u00e9s de ce grand r\u00e9seau qu'est l'Internet, chaque jour. Le Web 2.0 est bien pr\u00e9sent et implant\u00e9, ma contribution, par ce blogue, lui permet de poursuivre sa lanc\u00e9e. \u00c9tant photographe par la m\u00eame occasion tout se relis et me permet d'exposer et de partager mes photos au monde entier !\",\"sameAs\":[\"http:\/\/alexandrepoitras.com\/\"]}]}<\/script>\n<!-- \/ Yoast SEO plugin. -->","yoast_head_json":{"title":"Supermoto X-Fest 2012 \u00e0 Mecaglisse! - Alexandre Poitras - Photographe","robots":{"index":"index","follow":"follow","max-snippet":"max-snippet:-1","max-image-preview":"max-image-preview:large","max-video-preview":"max-video-preview:-1"},"canonical":"http:\/\/alexandrepoitras.com\/blogue\/?p=560","og_locale":"en_US","og_type":"article","og_title":"Supermoto X-Fest 2012 \u00e0 Mecaglisse! - Alexandre Poitras - Photographe","og_description":"La tradition se poursuit \u00e0 Mecaglisse durant le week-end prochain, le 13, 14 et 15 juillet 2012, le Supermoto X-Fest 2012 prendra place \u00e0 Notre-Dame de la Merci pr\u00e8s de St-Donat ! Des pilotes venant de diff\u00e9rents coins de l&#8217;Am\u00e9rique du Nord se donnent rendez-vous dans un week-end de course intense et des plus spectaculaire [&hellip;]","og_url":"http:\/\/alexandrepoitras.com\/blogue\/?p=560","og_site_name":"Alexandre Poitras - Photographe","article_publisher":"https:\/\/facebook.com\/Alexandre.Poitras.Photographe","article_published_time":"2012-07-09T00:53:35+00:00","og_image":[{"url":"http:\/\/alexandrepoitras.com\/files\/mecaglisse\/XFEST2011\/77_MaximeSylvestre_1.jpg","type":"","width":"","height":""}],"author":"AlexandrePoitras","twitter_card":"summary_large_image","twitter_creator":"@AlexPoitras","twitter_site":"@AlexPoitras","twitter_misc":{"Written by":"AlexandrePoitras","Est. reading time":"1 minute"},"schema":{"@context":"https:\/\/schema.org","@graph":[{"@type":"Article","@id":"http:\/\/alexandrepoitras.com\/blogue\/?p=560#article","isPartOf":{"@id":"http:\/\/alexandrepoitras.com\/blogue\/?p=560"},"author":{"name":"AlexandrePoitras","@id":"http:\/\/alexandrepoitras.com\/blogue\/#\/schema\/person\/67a17133d9d49593ce568c84ac5691d8"},"headline":"Supermoto X-Fest 2012 \u00e0 Mecaglisse!","datePublished":"2012-07-09T00:53:35+00:00","dateModified":"2012-07-09T00:53:35+00:00","mainEntityOfPage":{"@id":"http:\/\/alexandrepoitras.com\/blogue\/?p=560"},"wordCount":200,"commentCount":0,"publisher":{"@id":"http:\/\/alexandrepoitras.com\/blogue\/#organization"},"image":{"@id":"http:\/\/alexandrepoitras.com\/blogue\/?p=560#primaryimage"},"thumbnailUrl":"http:\/\/alexandrepoitras.com\/files\/mecaglisse\/XFEST2011\/77_MaximeSylvestre_1.jpg","keywords":["Alexandre Poitras","course","glisse","mecaglisse","Photographie","photos","supermotards","Supermoto","vtt","X-Fest","XFest"],"articleSection":["Photographie"],"inLanguage":"en-US","potentialAction":[{"@type":"CommentAction","name":"Comment","target":["http:\/\/alexandrepoitras.com\/blogue\/?p=560#respond"]}]},{"@type":"WebPage","@id":"http:\/\/alexandrepoitras.com\/blogue\/?p=560","url":"http:\/\/alexandrepoitras.com\/blogue\/?p=560","name":"Supermoto X-Fest 2012 \u00e0 Mecaglisse! - Alexandre Poitras - Photographe","isPartOf":{"@id":"http:\/\/alexandrepoitras.com\/blogue\/#website"},"primaryImageOfPage":{"@id":"http:\/\/alexandrepoitras.com\/blogue\/?p=560#primaryimage"},"image":{"@id":"http:\/\/alexandrepoitras.com\/blogue\/?p=560#primaryimage"},"thumbnailUrl":"http:\/\/alexandrepoitras.com\/files\/mecaglisse\/XFEST2011\/77_MaximeSylvestre_1.jpg","datePublished":"2012-07-09T00:53:35+00:00","dateModified":"2012-07-09T00:53:35+00:00","breadcrumb":{"@id":"http:\/\/alexandrepoitras.com\/blogue\/?p=560#breadcrumb"},"inLanguage":"en-US","potentialAction":[{"@type":"ReadAction","target":["http:\/\/alexandrepoitras.com\/blogue\/?p=560"]}]},{"@type":"ImageObject","inLanguage":"en-US","@id":"http:\/\/alexandrepoitras.com\/blogue\/?p=560#primaryimage","url":"http:\/\/alexandrepoitras.com\/files\/mecaglisse\/XFEST2011\/77_MaximeSylvestre_1.jpg","contentUrl":"http:\/\/alexandrepoitras.com\/files\/mecaglisse\/XFEST2011\/77_MaximeSylvestre_1.jpg"},{"@type":"BreadcrumbList","@id":"http:\/\/alexandrepoitras.com\/blogue\/?p=560#breadcrumb","itemListElement":[{"@type":"ListItem","position":1,"name":"Home","item":"http:\/\/alexandrepoitras.com\/blogue\/"},{"@type":"ListItem","position":2,"name":"Supermoto X-Fest 2012 \u00e0 Mecaglisse!"}]},{"@type":"WebSite","@id":"http:\/\/alexandrepoitras.com\/blogue\/#website","url":"http:\/\/alexandrepoitras.com\/blogue\/","name":"Alexandre Poitras - Photographe","description":"Photographe Sportif, corporatif, de mariage et de studio","publisher":{"@id":"http:\/\/alexandrepoitras.com\/blogue\/#organization"},"potentialAction":[{"@type":"SearchAction","target":{"@type":"EntryPoint","urlTemplate":"http:\/\/alexandrepoitras.com\/blogue\/?s={search_term_string}"},"query-input":{"@type":"PropertyValueSpecification","valueRequired":true,"valueName":"search_term_string"}}],"inLanguage":"en-US"},{"@type":"Organization","@id":"http:\/\/alexandrepoitras.com\/blogue\/#organization","name":"Alexandre Poitras - Photographe","url":"http:\/\/alexandrepoitras.com\/blogue\/","logo":{"@type":"ImageObject","inLanguage":"en-US","@id":"http:\/\/alexandrepoitras.com\/blogue\/#\/schema\/logo\/image\/","url":"http:\/\/alexandrepoitras.com\/blogue\/wp-content\/uploads\/2011\/10\/Alexandre-Poitras-Photographe.png","contentUrl":"http:\/\/alexandrepoitras.com\/blogue\/wp-content\/uploads\/2011\/10\/Alexandre-Poitras-Photographe.png","width":"500","height":"286","caption":"Alexandre Poitras - Photographe"},"image":{"@id":"http:\/\/alexandrepoitras.com\/blogue\/#\/schema\/logo\/image\/"},"sameAs":["https:\/\/facebook.com\/Alexandre.Poitras.Photographe","https:\/\/x.com\/AlexPoitras","http:\/\/instagram.com\/alexpoitras"]},{"@type":"Person","@id":"http:\/\/alexandrepoitras.com\/blogue\/#\/schema\/person\/67a17133d9d49593ce568c84ac5691d8","name":"AlexandrePoitras","image":{"@type":"ImageObject","inLanguage":"en-US","@id":"http:\/\/alexandrepoitras.com\/blogue\/#\/schema\/person\/image\/","url":"http:\/\/0.gravatar.com\/avatar\/fb1558d6f592eb7d70324074e162f9a0?s=96&d=mm&r=g","contentUrl":"http:\/\/0.gravatar.com\/avatar\/fb1558d6f592eb7d70324074e162f9a0?s=96&d=mm&r=g","caption":"AlexandrePoitras"},"description":"Mon nom est Alexandre Poitras, je suis dans le domaine de la photographie, du web et parcours les nouveaut\u00e9s de ce grand r\u00e9seau qu'est l'Internet, chaque jour. Le Web 2.0 est bien pr\u00e9sent et implant\u00e9, ma contribution, par ce blogue, lui permet de poursuivre sa lanc\u00e9e. \u00c9tant photographe par la m\u00eame occasion tout se relis et me permet d'exposer et de partager mes photos au monde entier !","sameAs":["http:\/\/alexandrepoitras.com\/"]}]}},"_links":{"self":[{"href":"http:\/\/alexandrepoitras.com\/blogue\/index.php?rest_route=\/wp\/v2\/posts\/560"}],"collection":[{"href":"http:\/\/alexandrepoitras.com\/blogue\/index.php?rest_route=\/wp\/v2\/posts"}],"about":[{"href":"http:\/\/alexandrepoitras.com\/blogue\/index.php?rest_route=\/wp\/v2\/types\/post"}],"author":[{"embeddable":true,"href":"http:\/\/alexandrepoitras.com\/blogue\/index.php?rest_route=\/wp\/v2\/users\/1"}],"replies":[{"embeddable":true,"href":"http:\/\/alexandrepoitras.com\/blogue\/index.php?rest_route=%2Fwp%2Fv2%2Fcomments&post=560"}],"version-history":[{"count":7,"href":"http:\/\/alexandrepoitras.com\/blogue\/index.php?rest_route=\/wp\/v2\/posts\/560\/revisions"}],"predecessor-version":[{"id":567,"href":"http:\/\/alexandrepoitras.com\/blogue\/index.php?rest_route=\/wp\/v2\/posts\/560\/revisions\/567"}],"wp:attachment":[{"href":"http:\/\/alexandrepoitras.com\/blogue\/index.php?rest_route=%2Fwp%2Fv2%2Fmedia&parent=560"}],"wp:term":[{"taxonomy":"category","embeddable":true,"href":"http:\/\/alexandrepoitras.com\/blogue\/index.php?rest_route=%2Fwp%2Fv2%2Fcategories&post=560"},{"taxonomy":"post_tag","embeddable":true,"href":"http:\/\/alexandrepoitras.com\/blogue\/index.php?rest_route=%2Fwp%2Fv2%2Ftags&post=560"}],"curies":[{"name":"wp","href":"https:\/\/api.w.org\/{rel}","templated":true}]}}