{"id":778,"date":"2016-09-27T15:59:07","date_gmt":"2016-09-27T19:59:07","guid":{"rendered":"http:\/\/alexandrepoitras.com\/blogue\/?p=778"},"modified":"2016-09-27T15:59:07","modified_gmt":"2016-09-27T19:59:07","slug":"photos-dautomne","status":"publish","type":"post","link":"http:\/\/alexandrepoitras.com\/blogue\/?p=778","title":{"rendered":"Photos d&#8217;automne"},"content":{"rendered":"<p><img loading=\"lazy\" decoding=\"async\" src=\"http:\/\/alexandrepoitras.com\/blogue\/wp-content\/uploads\/2016\/02\/Shooting-Automne-2015_1.jpg\" alt=\"Shooting-Automne-2015\" width=\"1000\" height=\"667\" class=\"aligncenter size-full wp-image-701\" srcset=\"http:\/\/alexandrepoitras.com\/blogue\/wp-content\/uploads\/2016\/02\/Shooting-Automne-2015_1.jpg 1000w, http:\/\/alexandrepoitras.com\/blogue\/wp-content\/uploads\/2016\/02\/Shooting-Automne-2015_1-200x133.jpg 200w, http:\/\/alexandrepoitras.com\/blogue\/wp-content\/uploads\/2016\/02\/Shooting-Automne-2015_1-768x512.jpg 768w, http:\/\/alexandrepoitras.com\/blogue\/wp-content\/uploads\/2016\/02\/Shooting-Automne-2015_1-600x400.jpg 600w, http:\/\/alexandrepoitras.com\/blogue\/wp-content\/uploads\/2016\/02\/Shooting-Automne-2015_1-125x83.jpg 125w, http:\/\/alexandrepoitras.com\/blogue\/wp-content\/uploads\/2016\/02\/Shooting-Automne-2015_1-660x440.jpg 660w\" sizes=\"(max-width: 1000px) 100vw, 1000px\" \/>Le temps se refroidi, les feuilles commencent \u00e0 tomber, mais c&#8217;est le moment de sortir la famille pour quelques photos d&#8217;automne avec le super d\u00e9cor que cette saison nous offre.<\/p>\n<p>Que ce soit pour un couple, vos enfants ou toute la petite famille, c&#8217;est le temps de r\u00e9server votre session photo !<\/p>\n<p>Pour la r\u00e9server, rien de plus simple, simplement&nbsp;<a href=\"mailto:photos@alexandrepoitras.com?subject=Demande%20de%20Shooting%20photo%20automne\">communiquer avec moi par courriel<\/a>. Premier arriv\u00e9, premier servi !<\/p>\n<p>\u00c0 bient\u00f4t !<\/p>\n","protected":false},"excerpt":{"rendered":"<p>Le temps se refroidi, les feuilles commencent \u00e0 tomber, mais c&#8217;est le moment de sortir la famille pour quelques photos d&#8217;automne avec le super d\u00e9cor que cette saison nous offre. Que ce soit pour un couple, vos enfants ou toute la petite famille, c&#8217;est le temps de r\u00e9server votre session photo ! Pour la r\u00e9server, [&hellip;]<\/p>\n","protected":false},"author":1,"featured_media":0,"comment_status":"open","ping_status":"open","sticky":false,"template":"","format":"standard","meta":{"_monsterinsights_skip_tracking":false,"_monsterinsights_sitenote_active":false,"_monsterinsights_sitenote_note":"","_monsterinsights_sitenote_category":0,"ngg_post_thumbnail":0,"footnotes":""},"categories":[5],"tags":[133,134,135,130,19,88,89],"yoast_head":"<!-- This site is optimized with the Yoast SEO plugin v24.3 - https:\/\/yoast.com\/wordpress\/plugins\/seo\/ -->\n<title>Photos d&#039;automne - Alexandre Poitras - Photographe<\/title>\n<meta name=\"robots\" content=\"index, follow, max-snippet:-1, max-image-preview:large, max-video-preview:-1\" \/>\n<link rel=\"canonical\" href=\"http:\/\/alexandrepoitras.com\/blogue\/?p=778\" \/>\n<meta property=\"og:locale\" content=\"en_US\" \/>\n<meta property=\"og:type\" content=\"article\" \/>\n<meta property=\"og:title\" content=\"Photos d&#039;automne - Alexandre Poitras - Photographe\" \/>\n<meta property=\"og:description\" content=\"Le temps se refroidi, les feuilles commencent \u00e0 tomber, mais c&#8217;est le moment de sortir la famille pour quelques photos d&#8217;automne avec le super d\u00e9cor que cette saison nous offre. Que ce soit pour un couple, vos enfants ou toute la petite famille, c&#8217;est le temps de r\u00e9server votre session photo ! Pour la r\u00e9server, [&hellip;]\" \/>\n<meta property=\"og:url\" content=\"http:\/\/alexandrepoitras.com\/blogue\/?p=778\" \/>\n<meta property=\"og:site_name\" content=\"Alexandre Poitras - Photographe\" \/>\n<meta property=\"article:publisher\" content=\"https:\/\/facebook.com\/Alexandre.Poitras.Photographe\" \/>\n<meta property=\"article:published_time\" content=\"2016-09-27T19:59:07+00:00\" \/>\n<meta property=\"og:image\" content=\"http:\/\/alexandrepoitras.com\/blogue\/wp-content\/uploads\/2016\/02\/Shooting-Automne-2015_1.jpg\" \/>\n<meta name=\"author\" content=\"AlexandrePoitras\" \/>\n<meta name=\"twitter:card\" content=\"summary_large_image\" \/>\n<meta name=\"twitter:creator\" content=\"@AlexPoitras\" \/>\n<meta name=\"twitter:site\" content=\"@AlexPoitras\" \/>\n<meta name=\"twitter:label1\" content=\"Written by\" \/>\n\t<meta name=\"twitter:data1\" content=\"AlexandrePoitras\" \/>\n<script type=\"application\/ld+json\" class=\"yoast-schema-graph\">{\"@context\":\"https:\/\/schema.org\",\"@graph\":[{\"@type\":\"Article\",\"@id\":\"http:\/\/alexandrepoitras.com\/blogue\/?p=778#article\",\"isPartOf\":{\"@id\":\"http:\/\/alexandrepoitras.com\/blogue\/?p=778\"},\"author\":{\"name\":\"AlexandrePoitras\",\"@id\":\"http:\/\/alexandrepoitras.com\/blogue\/#\/schema\/person\/67a17133d9d49593ce568c84ac5691d8\"},\"headline\":\"Photos d&#8217;automne\",\"datePublished\":\"2016-09-27T19:59:07+00:00\",\"dateModified\":\"2016-09-27T19:59:07+00:00\",\"mainEntityOfPage\":{\"@id\":\"http:\/\/alexandrepoitras.com\/blogue\/?p=778\"},\"wordCount\":75,\"commentCount\":0,\"publisher\":{\"@id\":\"http:\/\/alexandrepoitras.com\/blogue\/#organization\"},\"image\":{\"@id\":\"http:\/\/alexandrepoitras.com\/blogue\/?p=778#primaryimage\"},\"thumbnailUrl\":\"http:\/\/alexandrepoitras.com\/blogue\/wp-content\/uploads\/2016\/02\/Shooting-Automne-2015_1.jpg\",\"keywords\":[\"automne\",\"enfants\",\"famille\",\"Photographie\",\"photos\",\"photoshoot\",\"shooting photo\"],\"articleSection\":[\"Photographie\"],\"inLanguage\":\"en-US\",\"potentialAction\":[{\"@type\":\"CommentAction\",\"name\":\"Comment\",\"target\":[\"http:\/\/alexandrepoitras.com\/blogue\/?p=778#respond\"]}]},{\"@type\":\"WebPage\",\"@id\":\"http:\/\/alexandrepoitras.com\/blogue\/?p=778\",\"url\":\"http:\/\/alexandrepoitras.com\/blogue\/?p=778\",\"name\":\"Photos d'automne - Alexandre Poitras - Photographe\",\"isPartOf\":{\"@id\":\"http:\/\/alexandrepoitras.com\/blogue\/#website\"},\"primaryImageOfPage\":{\"@id\":\"http:\/\/alexandrepoitras.com\/blogue\/?p=778#primaryimage\"},\"image\":{\"@id\":\"http:\/\/alexandrepoitras.com\/blogue\/?p=778#primaryimage\"},\"thumbnailUrl\":\"http:\/\/alexandrepoitras.com\/blogue\/wp-content\/uploads\/2016\/02\/Shooting-Automne-2015_1.jpg\",\"datePublished\":\"2016-09-27T19:59:07+00:00\",\"dateModified\":\"2016-09-27T19:59:07+00:00\",\"breadcrumb\":{\"@id\":\"http:\/\/alexandrepoitras.com\/blogue\/?p=778#breadcrumb\"},\"inLanguage\":\"en-US\",\"potentialAction\":[{\"@type\":\"ReadAction\",\"target\":[\"http:\/\/alexandrepoitras.com\/blogue\/?p=778\"]}]},{\"@type\":\"ImageObject\",\"inLanguage\":\"en-US\",\"@id\":\"http:\/\/alexandrepoitras.com\/blogue\/?p=778#primaryimage\",\"url\":\"http:\/\/alexandrepoitras.com\/blogue\/wp-content\/uploads\/2016\/02\/Shooting-Automne-2015_1.jpg\",\"contentUrl\":\"http:\/\/alexandrepoitras.com\/blogue\/wp-content\/uploads\/2016\/02\/Shooting-Automne-2015_1.jpg\",\"width\":1000,\"height\":667,\"caption\":\"Shooting-Automne-2015\"},{\"@type\":\"BreadcrumbList\",\"@id\":\"http:\/\/alexandrepoitras.com\/blogue\/?p=778#breadcrumb\",\"itemListElement\":[{\"@type\":\"ListItem\",\"position\":1,\"name\":\"Home\",\"item\":\"http:\/\/alexandrepoitras.com\/blogue\/\"},{\"@type\":\"ListItem\",\"position\":2,\"name\":\"Photos d&#8217;automne\"}]},{\"@type\":\"WebSite\",\"@id\":\"http:\/\/alexandrepoitras.com\/blogue\/#website\",\"url\":\"http:\/\/alexandrepoitras.com\/blogue\/\",\"name\":\"Alexandre Poitras - Photographe\",\"description\":\"Photographe Sportif, corporatif, de mariage et de studio\",\"publisher\":{\"@id\":\"http:\/\/alexandrepoitras.com\/blogue\/#organization\"},\"potentialAction\":[{\"@type\":\"SearchAction\",\"target\":{\"@type\":\"EntryPoint\",\"urlTemplate\":\"http:\/\/alexandrepoitras.com\/blogue\/?s={search_term_string}\"},\"query-input\":{\"@type\":\"PropertyValueSpecification\",\"valueRequired\":true,\"valueName\":\"search_term_string\"}}],\"inLanguage\":\"en-US\"},{\"@type\":\"Organization\",\"@id\":\"http:\/\/alexandrepoitras.com\/blogue\/#organization\",\"name\":\"Alexandre Poitras - Photographe\",\"url\":\"http:\/\/alexandrepoitras.com\/blogue\/\",\"logo\":{\"@type\":\"ImageObject\",\"inLanguage\":\"en-US\",\"@id\":\"http:\/\/alexandrepoitras.com\/blogue\/#\/schema\/logo\/image\/\",\"url\":\"http:\/\/alexandrepoitras.com\/blogue\/wp-content\/uploads\/2011\/10\/Alexandre-Poitras-Photographe.png\",\"contentUrl\":\"http:\/\/alexandrepoitras.com\/blogue\/wp-content\/uploads\/2011\/10\/Alexandre-Poitras-Photographe.png\",\"width\":\"500\",\"height\":\"286\",\"caption\":\"Alexandre Poitras - Photographe\"},\"image\":{\"@id\":\"http:\/\/alexandrepoitras.com\/blogue\/#\/schema\/logo\/image\/\"},\"sameAs\":[\"https:\/\/facebook.com\/Alexandre.Poitras.Photographe\",\"https:\/\/x.com\/AlexPoitras\",\"http:\/\/instagram.com\/alexpoitras\"]},{\"@type\":\"Person\",\"@id\":\"http:\/\/alexandrepoitras.com\/blogue\/#\/schema\/person\/67a17133d9d49593ce568c84ac5691d8\",\"name\":\"AlexandrePoitras\",\"image\":{\"@type\":\"ImageObject\",\"inLanguage\":\"en-US\",\"@id\":\"http:\/\/alexandrepoitras.com\/blogue\/#\/schema\/person\/image\/\",\"url\":\"http:\/\/0.gravatar.com\/avatar\/fb1558d6f592eb7d70324074e162f9a0?s=96&d=mm&r=g\",\"contentUrl\":\"http:\/\/0.gravatar.com\/avatar\/fb1558d6f592eb7d70324074e162f9a0?s=96&d=mm&r=g\",\"caption\":\"AlexandrePoitras\"},\"description\":\"Mon nom est Alexandre Poitras, je suis dans le domaine de la photographie, du web et parcours les nouveaut\u00e9s de ce grand r\u00e9seau qu'est l'Internet, chaque jour. Le Web 2.0 est bien pr\u00e9sent et implant\u00e9, ma contribution, par ce blogue, lui permet de poursuivre sa lanc\u00e9e. \u00c9tant photographe par la m\u00eame occasion tout se relis et me permet d'exposer et de partager mes photos au monde entier !\",\"sameAs\":[\"http:\/\/alexandrepoitras.com\/\"]}]}<\/script>\n<!-- \/ Yoast SEO plugin. -->","yoast_head_json":{"title":"Photos d'automne - Alexandre Poitras - Photographe","robots":{"index":"index","follow":"follow","max-snippet":"max-snippet:-1","max-image-preview":"max-image-preview:large","max-video-preview":"max-video-preview:-1"},"canonical":"http:\/\/alexandrepoitras.com\/blogue\/?p=778","og_locale":"en_US","og_type":"article","og_title":"Photos d'automne - Alexandre Poitras - Photographe","og_description":"Le temps se refroidi, les feuilles commencent \u00e0 tomber, mais c&#8217;est le moment de sortir la famille pour quelques photos d&#8217;automne avec le super d\u00e9cor que cette saison nous offre. Que ce soit pour un couple, vos enfants ou toute la petite famille, c&#8217;est le temps de r\u00e9server votre session photo ! Pour la r\u00e9server, [&hellip;]","og_url":"http:\/\/alexandrepoitras.com\/blogue\/?p=778","og_site_name":"Alexandre Poitras - Photographe","article_publisher":"https:\/\/facebook.com\/Alexandre.Poitras.Photographe","article_published_time":"2016-09-27T19:59:07+00:00","og_image":[{"url":"http:\/\/alexandrepoitras.com\/blogue\/wp-content\/uploads\/2016\/02\/Shooting-Automne-2015_1.jpg","type":"","width":"","height":""}],"author":"AlexandrePoitras","twitter_card":"summary_large_image","twitter_creator":"@AlexPoitras","twitter_site":"@AlexPoitras","twitter_misc":{"Written by":"AlexandrePoitras"},"schema":{"@context":"https:\/\/schema.org","@graph":[{"@type":"Article","@id":"http:\/\/alexandrepoitras.com\/blogue\/?p=778#article","isPartOf":{"@id":"http:\/\/alexandrepoitras.com\/blogue\/?p=778"},"author":{"name":"AlexandrePoitras","@id":"http:\/\/alexandrepoitras.com\/blogue\/#\/schema\/person\/67a17133d9d49593ce568c84ac5691d8"},"headline":"Photos d&#8217;automne","datePublished":"2016-09-27T19:59:07+00:00","dateModified":"2016-09-27T19:59:07+00:00","mainEntityOfPage":{"@id":"http:\/\/alexandrepoitras.com\/blogue\/?p=778"},"wordCount":75,"commentCount":0,"publisher":{"@id":"http:\/\/alexandrepoitras.com\/blogue\/#organization"},"image":{"@id":"http:\/\/alexandrepoitras.com\/blogue\/?p=778#primaryimage"},"thumbnailUrl":"http:\/\/alexandrepoitras.com\/blogue\/wp-content\/uploads\/2016\/02\/Shooting-Automne-2015_1.jpg","keywords":["automne","enfants","famille","Photographie","photos","photoshoot","shooting photo"],"articleSection":["Photographie"],"inLanguage":"en-US","potentialAction":[{"@type":"CommentAction","name":"Comment","target":["http:\/\/alexandrepoitras.com\/blogue\/?p=778#respond"]}]},{"@type":"WebPage","@id":"http:\/\/alexandrepoitras.com\/blogue\/?p=778","url":"http:\/\/alexandrepoitras.com\/blogue\/?p=778","name":"Photos d'automne - Alexandre Poitras - Photographe","isPartOf":{"@id":"http:\/\/alexandrepoitras.com\/blogue\/#website"},"primaryImageOfPage":{"@id":"http:\/\/alexandrepoitras.com\/blogue\/?p=778#primaryimage"},"image":{"@id":"http:\/\/alexandrepoitras.com\/blogue\/?p=778#primaryimage"},"thumbnailUrl":"http:\/\/alexandrepoitras.com\/blogue\/wp-content\/uploads\/2016\/02\/Shooting-Automne-2015_1.jpg","datePublished":"2016-09-27T19:59:07+00:00","dateModified":"2016-09-27T19:59:07+00:00","breadcrumb":{"@id":"http:\/\/alexandrepoitras.com\/blogue\/?p=778#breadcrumb"},"inLanguage":"en-US","potentialAction":[{"@type":"ReadAction","target":["http:\/\/alexandrepoitras.com\/blogue\/?p=778"]}]},{"@type":"ImageObject","inLanguage":"en-US","@id":"http:\/\/alexandrepoitras.com\/blogue\/?p=778#primaryimage","url":"http:\/\/alexandrepoitras.com\/blogue\/wp-content\/uploads\/2016\/02\/Shooting-Automne-2015_1.jpg","contentUrl":"http:\/\/alexandrepoitras.com\/blogue\/wp-content\/uploads\/2016\/02\/Shooting-Automne-2015_1.jpg","width":1000,"height":667,"caption":"Shooting-Automne-2015"},{"@type":"BreadcrumbList","@id":"http:\/\/alexandrepoitras.com\/blogue\/?p=778#breadcrumb","itemListElement":[{"@type":"ListItem","position":1,"name":"Home","item":"http:\/\/alexandrepoitras.com\/blogue\/"},{"@type":"ListItem","position":2,"name":"Photos d&#8217;automne"}]},{"@type":"WebSite","@id":"http:\/\/alexandrepoitras.com\/blogue\/#website","url":"http:\/\/alexandrepoitras.com\/blogue\/","name":"Alexandre Poitras - Photographe","description":"Photographe Sportif, corporatif, de mariage et de studio","publisher":{"@id":"http:\/\/alexandrepoitras.com\/blogue\/#organization"},"potentialAction":[{"@type":"SearchAction","target":{"@type":"EntryPoint","urlTemplate":"http:\/\/alexandrepoitras.com\/blogue\/?s={search_term_string}"},"query-input":{"@type":"PropertyValueSpecification","valueRequired":true,"valueName":"search_term_string"}}],"inLanguage":"en-US"},{"@type":"Organization","@id":"http:\/\/alexandrepoitras.com\/blogue\/#organization","name":"Alexandre Poitras - Photographe","url":"http:\/\/alexandrepoitras.com\/blogue\/","logo":{"@type":"ImageObject","inLanguage":"en-US","@id":"http:\/\/alexandrepoitras.com\/blogue\/#\/schema\/logo\/image\/","url":"http:\/\/alexandrepoitras.com\/blogue\/wp-content\/uploads\/2011\/10\/Alexandre-Poitras-Photographe.png","contentUrl":"http:\/\/alexandrepoitras.com\/blogue\/wp-content\/uploads\/2011\/10\/Alexandre-Poitras-Photographe.png","width":"500","height":"286","caption":"Alexandre Poitras - Photographe"},"image":{"@id":"http:\/\/alexandrepoitras.com\/blogue\/#\/schema\/logo\/image\/"},"sameAs":["https:\/\/facebook.com\/Alexandre.Poitras.Photographe","https:\/\/x.com\/AlexPoitras","http:\/\/instagram.com\/alexpoitras"]},{"@type":"Person","@id":"http:\/\/alexandrepoitras.com\/blogue\/#\/schema\/person\/67a17133d9d49593ce568c84ac5691d8","name":"AlexandrePoitras","image":{"@type":"ImageObject","inLanguage":"en-US","@id":"http:\/\/alexandrepoitras.com\/blogue\/#\/schema\/person\/image\/","url":"http:\/\/0.gravatar.com\/avatar\/fb1558d6f592eb7d70324074e162f9a0?s=96&d=mm&r=g","contentUrl":"http:\/\/0.gravatar.com\/avatar\/fb1558d6f592eb7d70324074e162f9a0?s=96&d=mm&r=g","caption":"AlexandrePoitras"},"description":"Mon nom est Alexandre Poitras, je suis dans le domaine de la photographie, du web et parcours les nouveaut\u00e9s de ce grand r\u00e9seau qu'est l'Internet, chaque jour. Le Web 2.0 est bien pr\u00e9sent et implant\u00e9, ma contribution, par ce blogue, lui permet de poursuivre sa lanc\u00e9e. \u00c9tant photographe par la m\u00eame occasion tout se relis et me permet d'exposer et de partager mes photos au monde entier !","sameAs":["http:\/\/alexandrepoitras.com\/"]}]}},"_links":{"self":[{"href":"http:\/\/alexandrepoitras.com\/blogue\/index.php?rest_route=\/wp\/v2\/posts\/778"}],"collection":[{"href":"http:\/\/alexandrepoitras.com\/blogue\/index.php?rest_route=\/wp\/v2\/posts"}],"about":[{"href":"http:\/\/alexandrepoitras.com\/blogue\/index.php?rest_route=\/wp\/v2\/types\/post"}],"author":[{"embeddable":true,"href":"http:\/\/alexandrepoitras.com\/blogue\/index.php?rest_route=\/wp\/v2\/users\/1"}],"replies":[{"embeddable":true,"href":"http:\/\/alexandrepoitras.com\/blogue\/index.php?rest_route=%2Fwp%2Fv2%2Fcomments&post=778"}],"version-history":[{"count":5,"href":"http:\/\/alexandrepoitras.com\/blogue\/index.php?rest_route=\/wp\/v2\/posts\/778\/revisions"}],"predecessor-version":[{"id":783,"href":"http:\/\/alexandrepoitras.com\/blogue\/index.php?rest_route=\/wp\/v2\/posts\/778\/revisions\/783"}],"wp:attachment":[{"href":"http:\/\/alexandrepoitras.com\/blogue\/index.php?rest_route=%2Fwp%2Fv2%2Fmedia&parent=778"}],"wp:term":[{"taxonomy":"category","embeddable":true,"href":"http:\/\/alexandrepoitras.com\/blogue\/index.php?rest_route=%2Fwp%2Fv2%2Fcategories&post=778"},{"taxonomy":"post_tag","embeddable":true,"href":"http:\/\/alexandrepoitras.com\/blogue\/index.php?rest_route=%2Fwp%2Fv2%2Ftags&post=778"}],"curies":[{"name":"wp","href":"https:\/\/api.w.org\/{rel}","templated":true}]}}